{"id":27409,"date":"2023-03-10T15:30:50","date_gmt":"2023-03-10T14:30:50","guid":{"rendered":"https:\/\/entwicklung-variomobil.d3sign.work\/?p=27409"},"modified":"2023-06-26T14:01:52","modified_gmt":"2023-06-26T12:01:52","slug":"motorhome-paintwork-photo-shoot","status":"publish","type":"post","link":"https:\/\/entwicklung-variomobil.d3sign.work\/en\/fotoshooting-wohnmobil-lackierung\/","title":{"rendered":"Photos | Motorhome Paintwork"},"content":{"rendered":"\t\t<div data-elementor-type=\"wp-post\" data-elementor-id=\"27409\" class=\"elementor elementor-27409\" data-elementor-post-type=\"post\">\n\t\t\t\t\t\t<section class=\"elementor-section elementor-top-section elementor-element elementor-element-a851d0a elementor-section-boxed elementor-section-height-default elementor-section-height-default\" data-id=\"a851d0a\" data-element_type=\"section\" data-e-type=\"section\">\n\t\t\t\t\t\t<div class=\"elementor-container elementor-column-gap-default\">\n\t\t\t\t\t<div class=\"elementor-column elementor-col-100 elementor-top-column elementor-element elementor-element-afc88cb\" data-id=\"afc88cb\" data-element_type=\"column\" data-e-type=\"column\">\n\t\t\t<div class=\"elementor-widget-wrap elementor-element-populated\">\n\t\t\t\t\t\t<div class=\"elementor-element elementor-element-ad0f992 elementor-widget elementor-widget-text-editor\" data-id=\"ad0f992\" data-element_type=\"widget\" data-e-type=\"widget\" data-widget_type=\"text-editor.default\">\n\t\t\t\t\t\t<div class=\"elementor-widget-container\">\n\t\t\t\t\t\t\t\t\t<p><span style=\"color: #000000;\"><b>Wohnmobil-Weltneuheit<\/b> <a title=\"Wohnmobil Weltneuheit mit 4 ausfahrbaren Wohnraum-Erkern\" href=\"https:\/\/entwicklung-variomobil.d3sign.work\/perfect\/\" target=\"_blank\" rel=\"noopener\">VARIO Perfect 1200, MB Actros, 26 t Chassis<\/a><br \/><\/span><span style=\"color: #000000;\">Ausfahrbare Wohnraum-Erker Slide-Out | PKW Garage\u00a0<\/span><\/p><p><span style=\"color: #000000;\"><b>Premiere <\/b>des 12 m Reisemobils auf dem <b>CARAVAN SALON D\u00fcsseldorf 25.8.-3.9.2023<\/b><\/span><\/p><p><span style=\"color: #000000;\">\u00a0<\/span><\/p><p><span style=\"color: #000000;\">\u00a0<\/span><\/p><h1>Wohnmobil<\/h1><h1>Metallic-Lackierung<span style=\"font-size: 16px;\">\u00a0<\/span><\/h1><h2>Permafleet | SILBER METALLIC<\/h2><p>Das <b>PR-Team<\/b> Spies Hecker begleitete die VARIO Wohnmobil-Lackierung der neuen <b>Platinum Landyacht<\/b> Anfang M\u00e4rz.<br \/><b>Reisemobil-Veredelung<\/b>\u00a0mit\u00a0<b>Permafleet Hi-TEC Basislacksystem<\/b>\u00a0f\u00fcr Gro\u00dfobjekte.<\/p><h3><b>H\u00f6chste Farbgenauigkeit<\/b> <br \/>und optimale Lackierergebnisse<\/h3><p>erzielt VARIOmobil auch bei Sonder- und Effektfarbt\u00f6nen. <br \/>Das <strong>innovative Lacksystem<\/strong> bietet der VARIO Manufakturbauweise folgende Beschichtungs-Vorteile:<\/p><p>* Ausgezeichnete und ebenm\u00e4\u00dfige Effektausrichtung.<br \/>* <strong>Verk\u00fcrzte<\/strong> Fertigungszeiten.<br \/>* Perfektes Deckverm\u00f6gen.<br \/>* Hohe Ergiebigkeit.<br \/>* Flexibles und feinstes Einlackieren mit der Flie\u00df-Becherpistole.<br \/>* Selbstverst\u00e4ndlich in hochwertigster <strong>Handarbeit<\/strong>.<\/p><h4>\u00a0<\/h4><h4>Fertig ausgemischt | ready for use<\/h4><p>Der hier eingesetzte <b>Permafleet Hi-TEC Basis Lack <\/b>in<b> Hamliton Silver<\/b>\u00a0basiert auf fortschrittlicher Wasserbasis in der Lack-<strong>Technologie<\/strong> von Axalta.\u00a0F\u00fcr die ausgezeichnete <strong>Farbgenauigkeit<\/strong> der\u00a0<strong>Qualit\u00e4tslackierung<\/strong> l\u00e4sst Christof Rambau , Meister in der exquisiten Karosserie-Lackierung bei VARIOmobil, die Farben exakt ausgemischt anliefern.<\/p><p><strong> Aufgetragen wird der Lack gemeinsam<\/strong> mit Gesellen Vadim Brum und dem <strong>Auszubildenden im Lackierhandwerk<\/strong> Jannis Hericks. Gegen\u00fcber der althergebrachten [konventionellen] Lackiertechnik kann so mit der <strong>Flie\u00df- Becherpistole<\/strong> die Basislackfl\u00e4che der 12 m langen und knapp 4 m hohen Seitenwand des VARIO Perfect 1200 <strong>homogener ausgenebelt<\/strong> werden. Selbstverst\u00e4ndlich ohne Wolkenbildung im<strong> Metallic-Finish<\/strong>. <a title=\"Verst\u00e4rkung in Bohmte gesucht f\u00fcr Team Fahrzeuglackierung\" href=\"https:\/\/entwicklung-variomobil.d3sign.work\/wp-content\/uploads\/2022\/04\/2022A4_pdf-Interetanzeige_Stellenangebot_Bohmte_VARIOmobil_Fahrzeuglackierer_OsnabrueckerLand.pdf\" target=\"_blank\" rel=\"noopener\">Fahrzeug-Lackierer [m|w|d] in Bohmte gesucht!<\/a><\/p><p>Die hier lackierte Wohnmobil Karosse (urspr\u00fcnglich die Bezeichnung f\u00fcr eine pr\u00e4chtige Kutsche <a title=\"VARIOmobil - Karosserie und Worterkl\u00e4rung Wikipedia\" href=\"https:\/\/de.wikipedia.org\/wiki\/Karosse\" target=\"_blank\" rel=\"noopener\">siehe Barock#Verkehr und Wagenbaukunst<\/a>), wird nach der Abluftphase des <strong>metallic-Basislackes<\/strong> als repr\u00e4sentatives <strong>Luxusfahrzeug<\/strong> highend klarlackiert.<\/p><p>So ist das erste Etappenziel dieses <strong>Traummobils<\/strong> geschafft. Die hochwertige Metallic-Lackierung <strong>veredelt<\/strong> die Wohnmobil-Neuheit mit multiplen Slide Outs: <strong>Weltpremiere<\/strong> Ende August 2023. Seien Sie gespannt auf das fertige luxuri\u00f6se Reisefahrzeug.<\/p><p>Vorhang auf f\u00fcr die fertige Landyacht:\u00a0<br \/><strong>VARIO Perfect 1200 Platinum<\/strong> auf dem CARAVAN SALON in D\u00fcsseldorf vom 25.08. bis 03.09.2023.<\/p><div style=\"float: right;\">\u00a0<\/div>\t\t\t\t\t\t\t\t<\/div>\n\t\t\t\t<\/div>\n\t\t\t\t\t<\/div>\n\t\t<\/div>\n\t\t\t\t\t<\/div>\n\t\t<\/section>\n\t\t\t\t<section class=\"elementor-section elementor-top-section elementor-element elementor-element-30141f9 elementor-section-boxed elementor-section-height-default elementor-section-height-default\" data-id=\"30141f9\" data-element_type=\"section\" data-e-type=\"section\">\n\t\t\t\t\t\t<div class=\"elementor-container elementor-column-gap-default\">\n\t\t\t\t\t<div class=\"elementor-column elementor-col-100 elementor-top-column elementor-element elementor-element-c4843e8\" data-id=\"c4843e8\" data-element_type=\"column\" data-e-type=\"column\">\n\t\t\t<div class=\"elementor-widget-wrap elementor-element-populated\">\n\t\t\t\t\t\t<div class=\"elementor-element elementor-element-6a6fd88 elementor-arrows-position-inside elementor-widget elementor-widget-image-carousel\" data-id=\"6a6fd88\" data-element_type=\"widget\" data-e-type=\"widget\" data-settings=\"{&quot;slides_to_show&quot;:&quot;1&quot;,&quot;navigation&quot;:&quot;arrows&quot;,&quot;autoplay&quot;:&quot;yes&quot;,&quot;pause_on_hover&quot;:&quot;yes&quot;,&quot;pause_on_interaction&quot;:&quot;yes&quot;,&quot;autoplay_speed&quot;:5000,&quot;infinite&quot;:&quot;yes&quot;,&quot;effect&quot;:&quot;slide&quot;,&quot;speed&quot;:500}\" data-widget_type=\"image-carousel.default\">\n\t\t\t\t\t\t<div class=\"elementor-widget-container\">\n\t\t\t\t\t\t\t<div class=\"elementor-image-carousel-wrapper swiper\" role=\"region\" aria-roledescription=\"carousel\" aria-label=\"Image Carousel\" dir=\"ltr\">\n\t\t\t<div class=\"elementor-image-carousel swiper-wrapper swiper-image-stretch\" aria-live=\"off\">\n\t\t\t\t\t\t\t\t<div class=\"swiper-slide\" role=\"group\" aria-roledescription=\"slide\" aria-label=\"1 of 8\"><figure class=\"swiper-slide-inner\"><img decoding=\"async\" class=\"swiper-slide-image\" src=\"https:\/\/entwicklung-variomobil.d3sign.work\/wp-content\/uploads\/2023\/03\/Fahrzeug-Lackierer-willkommen-im-Team-49163-Bohmte-VARIOmobil-Reisemobil-Lackiererung_7130_Axalta_Pascal-Fassbender.jpg\" alt=\"Fahrzeug-Lackierer-willkommen-im-Team-49163-Bohmte-VARIOmobil--Reisemobil-Lackiererung_7130_Axalta_Pascal-Fassbender\" \/><\/figure><\/div><div class=\"swiper-slide\" role=\"group\" aria-roledescription=\"slide\" aria-label=\"2 of 8\"><figure class=\"swiper-slide-inner\"><img decoding=\"async\" class=\"swiper-slide-image\" src=\"https:\/\/entwicklung-variomobil.d3sign.work\/wp-content\/uploads\/2023\/03\/Fahrzeug-Lackierer-gesucht-49163-Bohmte-VARIOmobil-REisemobil-Lackiererung_6858_Axalta_Pascal-Fassbender.jpg\" alt=\"Fahrzeug-Lackierer-gesucht-49163-Bohmte-VARIOmobil--REisemobil-Lackiererung_6858_Axalta_Pascal-Fassbender\" \/><\/figure><\/div><div class=\"swiper-slide\" role=\"group\" aria-roledescription=\"slide\" aria-label=\"3 of 8\"><figure class=\"swiper-slide-inner\"><img decoding=\"async\" class=\"swiper-slide-image\" src=\"https:\/\/entwicklung-variomobil.d3sign.work\/wp-content\/uploads\/2023\/03\/Fahrzeug-Lackierer-gesucht-49163-Bohmte-VARIOmobil-REisemobil-Lackiererung_6844_Axalta_Pascal-Fassbender.jpg\" alt=\"Fahrzeug-Lackierer-gesucht-49163-Bohmte-VARIOmobil--REisemobil-Lackiererung_6844_Axalta_Pascal-Fassbender\" \/><\/figure><\/div><div class=\"swiper-slide\" role=\"group\" aria-roledescription=\"slide\" aria-label=\"4 of 8\"><figure class=\"swiper-slide-inner\"><img decoding=\"async\" class=\"swiper-slide-image\" src=\"https:\/\/entwicklung-variomobil.d3sign.work\/wp-content\/uploads\/2023\/03\/Fahrzeug-Lackierer-gesucht-49163-Bohmte-VARIOmobil-REisemobil-Lackiererung_7146_Axalta_Pascal-Fassbender.jpg\" alt=\"Fahrzeug-Lackierer-gesucht-49163-Bohmte-VARIOmobil--REisemobil-Lackiererung_7146_Axalta_Pascal-Fassbender\" \/><\/figure><\/div><div class=\"swiper-slide\" role=\"group\" aria-roledescription=\"slide\" aria-label=\"5 of 8\"><figure class=\"swiper-slide-inner\"><img decoding=\"async\" class=\"swiper-slide-image\" src=\"https:\/\/entwicklung-variomobil.d3sign.work\/wp-content\/uploads\/2023\/03\/Fahrzeug-Lackierer-gesucht-49163-Bohmte-VARIOmobil-REisemobil-Lackiererung_7156_Axalta_Pascal-Fassbender.jpg\" alt=\"Fahrzeug-Lackierer-gesucht-49163-Bohmte-VARIOmobil--REisemobil-Lackiererung_7156_Axalta_Pascal-Fassbender\" \/><\/figure><\/div><div class=\"swiper-slide\" role=\"group\" aria-roledescription=\"slide\" aria-label=\"6 of 8\"><figure class=\"swiper-slide-inner\"><img decoding=\"async\" class=\"swiper-slide-image\" src=\"https:\/\/entwicklung-variomobil.d3sign.work\/wp-content\/uploads\/2023\/03\/VARIOmobil-Wohnmobil-Lackierung-Permafleet-680-silber-metallic_1722.jpg\" alt=\"VARIOmobil-Wohnmobil-Lackierung-Permafleet-680-silber-metallic_1722\" \/><\/figure><\/div><div class=\"swiper-slide\" role=\"group\" aria-roledescription=\"slide\" aria-label=\"7 of 8\"><figure class=\"swiper-slide-inner\"><img decoding=\"async\" class=\"swiper-slide-image\" src=\"https:\/\/entwicklung-variomobil.d3sign.work\/wp-content\/uploads\/2023\/03\/Geduldig-erklaeren-die-VARIOmobil-Lackierer-die-Permafleet-metallic-Wohnmobil-Veredelung_1711.jpg\" alt=\"Geduldig-erklaeren-die-VARIOmobil-Lackierer-die-Permafleet-metallic-Wohnmobil-Veredelung_1711\" \/><\/figure><\/div><div class=\"swiper-slide\" role=\"group\" aria-roledescription=\"slide\" aria-label=\"8 of 8\"><figure class=\"swiper-slide-inner\"><img decoding=\"async\" class=\"swiper-slide-image\" src=\"https:\/\/entwicklung-variomobil.d3sign.work\/wp-content\/uploads\/2023\/03\/VARIOmobil-Betriebsleiter-Andre-Wettstein-begleitet-den-Presserundgang-durch-die-exklusive-Reisemobil-Welt_1732.jpg\" alt=\"VARIOmobil-Betriebsleiter-Andre-Wettstein-begleitet-den-Presserundgang-durch-die-exklusive-Reisemobil-Welt_1732\" \/><\/figure><\/div>\t\t\t<\/div>\n\t\t\t\t\t\t\t\t\t\t\t\t<div class=\"elementor-swiper-button elementor-swiper-button-prev\" role=\"button\" tabindex=\"0\">\n\t\t\t\t\t\t<i aria-hidden=\"true\" class=\"eicon-chevron-left\"><\/i>\t\t\t\t\t<\/div>\n\t\t\t\t\t<div class=\"elementor-swiper-button elementor-swiper-button-next\" role=\"button\" tabindex=\"0\">\n\t\t\t\t\t\t<i aria-hidden=\"true\" class=\"eicon-chevron-right\"><\/i>\t\t\t\t\t<\/div>\n\t\t\t\t\n\t\t\t\t\t\t\t\t\t<\/div>\n\t\t\t\t\t\t<\/div>\n\t\t\t\t<\/div>\n\t\t\t\t\t<\/div>\n\t\t<\/div>\n\t\t\t\t\t<\/div>\n\t\t<\/section>\n\t\t\t\t<section class=\"elementor-section elementor-top-section elementor-element elementor-element-2c24e2e elementor-section-boxed elementor-section-height-default elementor-section-height-default\" data-id=\"2c24e2e\" data-element_type=\"section\" data-e-type=\"section\">\n\t\t\t\t\t\t<div class=\"elementor-container elementor-column-gap-default\">\n\t\t\t\t\t<div class=\"elementor-column elementor-col-100 elementor-top-column elementor-element elementor-element-2335eaf\" data-id=\"2335eaf\" data-element_type=\"column\" data-e-type=\"column\">\n\t\t\t<div class=\"elementor-widget-wrap elementor-element-populated\">\n\t\t\t\t\t\t<div class=\"elementor-element elementor-element-7e5a78e elementor-widget elementor-widget-text-editor\" data-id=\"7e5a78e\" data-element_type=\"widget\" data-e-type=\"widget\" data-widget_type=\"text-editor.default\">\n\t\t\t\t\t\t<div class=\"elementor-widget-container\">\n\t\t\t\t\t\t\t\t\t<p><\/p>\n<p>Fotos Lackiervorgang: Axalta | Pascal Fassbender.<br>Fotos VARIOmobil | Jutta R\u00f6wer.<\/p>\n<p><br><\/p>\n<p>Link zur Technologie:<\/p>\n<p>https:\/\/www.spieshecker.com\/de\/de_DE\/products\/products_produkte_fuer_die_autolackierung.html?ref_product_group_new=Basislacke&ref_paintsystem=PKW+Hi-TEC+Performance+System<\/p>\n<div style=\"float: right;\">&nbsp;<\/div>\t\t\t\t\t\t\t\t<\/div>\n\t\t\t\t<\/div>\n\t\t\t\t\t<\/div>\n\t\t<\/div>\n\t\t\t\t\t<\/div>\n\t\t<\/section>\n\t\t\t\t<\/div>\n\t\t","protected":false},"excerpt":{"rendered":"<p>VARIOmobil factory tour with the PR team from Spies Hecker. A successful motorhome action shoot inside the paint booth\u2026<\/p>","protected":false},"author":3,"featured_media":27411,"comment_status":"closed","ping_status":"closed","sticky":false,"template":"","format":"standard","meta":{"footnotes":""},"categories":[114,4,170],"tags":[],"post_folder":[],"class_list":["post-27409","post","type-post","status-publish","format-standard","has-post-thumbnail","hentry","category-aktuelles","category-presse","category-wohnmobile"],"aioseo_notices":[],"_links":{"self":[{"href":"https:\/\/entwicklung-variomobil.d3sign.work\/en\/wp-json\/wp\/v2\/posts\/27409","targetHints":{"allow":["GET"]}}],"collection":[{"href":"https:\/\/entwicklung-variomobil.d3sign.work\/en\/wp-json\/wp\/v2\/posts"}],"about":[{"href":"https:\/\/entwicklung-variomobil.d3sign.work\/en\/wp-json\/wp\/v2\/types\/post"}],"author":[{"embeddable":true,"href":"https:\/\/entwicklung-variomobil.d3sign.work\/en\/wp-json\/wp\/v2\/users\/3"}],"replies":[{"embeddable":true,"href":"https:\/\/entwicklung-variomobil.d3sign.work\/en\/wp-json\/wp\/v2\/comments?post=27409"}],"version-history":[{"count":86,"href":"https:\/\/entwicklung-variomobil.d3sign.work\/en\/wp-json\/wp\/v2\/posts\/27409\/revisions"}],"predecessor-version":[{"id":28224,"href":"https:\/\/entwicklung-variomobil.d3sign.work\/en\/wp-json\/wp\/v2\/posts\/27409\/revisions\/28224"}],"wp:featuredmedia":[{"embeddable":true,"href":"https:\/\/entwicklung-variomobil.d3sign.work\/en\/wp-json\/wp\/v2\/media\/27411"}],"wp:attachment":[{"href":"https:\/\/entwicklung-variomobil.d3sign.work\/en\/wp-json\/wp\/v2\/media?parent=27409"}],"wp:term":[{"taxonomy":"category","embeddable":true,"href":"https:\/\/entwicklung-variomobil.d3sign.work\/en\/wp-json\/wp\/v2\/categories?post=27409"},{"taxonomy":"post_tag","embeddable":true,"href":"https:\/\/entwicklung-variomobil.d3sign.work\/en\/wp-json\/wp\/v2\/tags?post=27409"},{"taxonomy":"post_folder","embeddable":true,"href":"https:\/\/entwicklung-variomobil.d3sign.work\/en\/wp-json\/wp\/v2\/post_folder?post=27409"}],"curies":[{"name":"wp","href":"https:\/\/api.w.org\/{rel}","templated":true}]}}